{"id":202,"date":"2022-01-14T02:52:02","date_gmt":"2022-01-14T01:52:02","guid":{"rendered":"https:\/\/tregorsonore.fr\/?p=202"},"modified":"2022-06-21T09:34:55","modified_gmt":"2022-06-21T07:34:55","slug":"le-tregor-sonore-a-pris-ses-resolutions-pour-2022","status":"publish","type":"post","link":"https:\/\/tregorsonore.fr\/index.php\/2022\/01\/14\/le-tregor-sonore-a-pris-ses-resolutions-pour-2022\/","title":{"rendered":"Le Tr\u00e9gor Sonore a pris ses r\u00e9solutions pour 2022 :"},"content":{"rendered":"\n<p>Encore plus de rendez-vous pour vous retrouver \u00e9changer autour du son\u2026<\/p>\n\n\n\n<p>En janvier pendant la semaine du son, le Tr\u00e9gor Sonore vous propose :<\/p>\n\n\n\n<ul class=\"wp-block-list\"><li><a href=\"https:\/\/tregorsonore.fr\/index.php\/sonferences-du-tregor\/sonference-n6\/\" data-type=\"page\" data-id=\"197\">Une Sonf\u00e9rence, le 24 janvier \u00e0 18h30<\/a> <\/li><li><a href=\"https:\/\/tregorsonore.fr\/index.php\/matinee-son-2022\/\" data-type=\"page\" data-id=\"192\">Une Matin\u00e9e Son pour les professionnels du domaine, le 25 janvier de 9h00 \u00e0 12h30<\/a><\/li><li>L\u2019Assembl\u00e9e G\u00e9n\u00e9rale Ordinaire le 22 janvier \u00e0 11h<\/li><\/ul>\n\n\n\n<figure class=\"wp-block-image size-full\"><img loading=\"lazy\" decoding=\"async\" width=\"1024\" height=\"55\" src=\"http:\/\/tregorsonore.fr\/wp-content\/uploads\/2021\/12\/onde-copie-1024x55-1.png\" alt=\"\" class=\"wp-image-174\" srcset=\"https:\/\/tregorsonore.fr\/wp-content\/uploads\/2021\/12\/onde-copie-1024x55-1.png 1024w, https:\/\/tregorsonore.fr\/wp-content\/uploads\/2021\/12\/onde-copie-1024x55-1-300x16.png 300w, https:\/\/tregorsonore.fr\/wp-content\/uploads\/2021\/12\/onde-copie-1024x55-1-768x41.png 768w\" sizes=\"auto, (max-width: 767px) 89vw, (max-width: 1000px) 54vw, (max-width: 1071px) 543px, 580px\" \/><\/figure>\n\n\n\n<h2 class=\"wp-block-heading\">Assembl\u00e9e G\u00e9n\u00e9rale Ordinaire :<br>22 janvier 2022 (11h00)<\/h2>\n\n\n\n<p>L\u2019assembl\u00e9e g\u00e9n\u00e9rale annuelle de l\u2019association Tr\u00e9gor Sonore aura lieu \u00e0 la Technop\u00f4le de Lannion, 4 rue Amp\u00e8re, Maison des entreprises.<\/p>\n\n\n\n<h3 class=\"wp-block-heading\">\u00c0 L\u2019ORDRE DU JOUR :<\/h3>\n\n\n\n<ul class=\"wp-block-list\"><li>Pr\u00e9sentation du rapport moral pour l\u2019ann\u00e9e 2021,<\/li><li>Pr\u00e9sentation du rapport d\u2019activit\u00e9 et de gestion pour l\u2019ann\u00e9e 2021,<\/li><li>Rapport financier 2021,<\/li><li>Discussion et vote \u00e0 main lev\u00e9e de ces diff\u00e9rents rapports ; affectation du r\u00e9sultat ; fixation du montant de l\u2019adh\u00e9sion annuelle \u00e0 l\u2019association (actuellement de 10\u20ac pour les personnes physiques et 50\u20ac pour les personnes morales),<\/li><li>\u00c9lection des membres au conseil d\u2019administration,<\/li><li>Cr\u00e9ation de commissions pour les diff\u00e9rentes activit\u00e9es.<\/li><\/ul>\n\n\n\n<p>Si vous \u00eates dans l\u2019incapacit\u00e9 d\u2019assister \u00e0 cette assembl\u00e9e g\u00e9n\u00e9rale, vous pouvez vous faire repr\u00e9senter, c\u2019est-\u00e0-dire donner votre pouvoir \u00e0 un\u00b7e adh\u00e9rent\u00b7e qui votera \u00e0 votre place.<\/p>\n\n\n\n<div class=\"wp-block-buttons is-layout-flex wp-block-buttons-is-layout-flex\">\n<div class=\"wp-block-button\"><a class=\"wp-block-button__link\" href=\"https:\/\/meet.jit.si\/TregorSonoreAG2022\" target=\"_blank\" rel=\"noreferrer noopener\"> Assister en ligne <\/a><\/div>\n<\/div>\n\n\n\n<h3 class=\"wp-block-heading\"><br>APPEL \u00c0 CANDIDATURE<\/h3>\n\n\n\n<p>Les adh\u00e9rent\u00b7e\u00b7s sont repr\u00e9sent\u00e9\u00b7e\u00b7s au sein de l\u2019association Tr\u00e9gor Sonore par le conseil d&#8217;administration et le bureau \u00e9lus par l\u2019Assembl\u00e9e G\u00e9n\u00e9rale ordinaire.<\/p>\n\n\n\n<p>Actuellement, ces membres sont au nombre de six:<\/p>\n\n\n\n<ul class=\"wp-block-list\"><li>Philippe Olivier &#8211; Logellou<\/li><li>Pascal Rueff &#8211; Agence du verbe &#8211; Feichter Electronics<\/li><li>Pascal Scalart &#8211; ENSSAT<\/li><li>Laurent FEICHTER &#8211; Feichter Electronics (Tr\u00e9sorier)<\/li><li>Jean-Yves Montfort &#8211; Centre de d\u00e9couverte du son (Secr\u00e9taire)<\/li><li>Julian Palacino &#8211; Feichter Electronics (Pr\u00e9sident)<\/li><\/ul>\n\n\n\n<p>La dur\u00e9e du mandat est de 3 ans. Les postes peuvent \u00eatre remplac\u00e9s o\u00f9 renouvel\u00e9s lors de l&#8217;assembl\u00e9e g\u00e9n\u00e9rale et les membres \u00e9lu\u00b7e\u00b7s peuvent se repr\u00e9senter.<\/p>\n\n\n\n<p>Nous vous esp\u00e9rons nombreux\u00b7ses \u00e0 cette Assembl\u00e9e G\u00e9n\u00e9rale.<\/p>\n\n\n\n<div class=\"wp-block-buttons is-layout-flex wp-block-buttons-is-layout-flex\">\n<div class=\"wp-block-button\"><a class=\"wp-block-button__link\" href=\"https:\/\/www.helloasso.com\/associations\/tregor-sonore\/adhesions\/adhesion-2022\">Adh\u00e9rer \u00e0 Tr\u00e9gor Sonore<\/a><\/div>\n<\/div>\n\n\n\n<figure class=\"wp-block-image size-full\"><img loading=\"lazy\" decoding=\"async\" width=\"1024\" height=\"55\" src=\"http:\/\/tregorsonore.fr\/wp-content\/uploads\/2021\/12\/onde-copie-1024x55-1.png\" alt=\"\" class=\"wp-image-174\" srcset=\"https:\/\/tregorsonore.fr\/wp-content\/uploads\/2021\/12\/onde-copie-1024x55-1.png 1024w, https:\/\/tregorsonore.fr\/wp-content\/uploads\/2021\/12\/onde-copie-1024x55-1-300x16.png 300w, https:\/\/tregorsonore.fr\/wp-content\/uploads\/2021\/12\/onde-copie-1024x55-1-768x41.png 768w\" sizes=\"auto, (max-width: 767px) 89vw, (max-width: 1000px) 54vw, (max-width: 1071px) 543px, 580px\" \/><\/figure>\n","protected":false},"excerpt":{"rendered":"<p>Encore plus de rendez-vous pour vous retrouver \u00e9changer autour du son\u2026 En janvier pendant la semaine du son, le Tr\u00e9gor Sonore vous propose : Une Sonf\u00e9rence, le 24 janvier \u00e0 18h30 Une Matin\u00e9e Son pour les professionnels du domaine, le 25 janvier de 9h00 \u00e0 12h30 L\u2019Assembl\u00e9e G\u00e9n\u00e9rale Ordinaire le 22 janvier \u00e0 11h Assembl\u00e9e &hellip; <\/p>\n<p class=\"link-more\"><a href=\"https:\/\/tregorsonore.fr\/index.php\/2022\/01\/14\/le-tregor-sonore-a-pris-ses-resolutions-pour-2022\/\" class=\"more-link\">Continue reading<span class=\"screen-reader-text\"> &#8220;Le Tr\u00e9gor Sonore a pris ses r\u00e9solutions pour 2022 :&#8221;<\/span><\/a><\/p>\n","protected":false},"author":1,"featured_media":0,"comment_status":"open","ping_status":"open","sticky":false,"template":"","format":"standard","meta":{"footnotes":""},"categories":[2],"tags":[11,5,12,6,7],"class_list":["post-202","post","type-post","status-publish","format-standard","hentry","category-news","tag-ag","tag-binaural","tag-matinee-son","tag-sonference","tag-tregor-sonore"],"_links":{"self":[{"href":"https:\/\/tregorsonore.fr\/index.php\/wp-json\/wp\/v2\/posts\/202","targetHints":{"allow":["GET"]}}],"collection":[{"href":"https:\/\/tregorsonore.fr\/index.php\/wp-json\/wp\/v2\/posts"}],"about":[{"href":"https:\/\/tregorsonore.fr\/index.php\/wp-json\/wp\/v2\/types\/post"}],"author":[{"embeddable":true,"href":"https:\/\/tregorsonore.fr\/index.php\/wp-json\/wp\/v2\/users\/1"}],"replies":[{"embeddable":true,"href":"https:\/\/tregorsonore.fr\/index.php\/wp-json\/wp\/v2\/comments?post=202"}],"version-history":[{"count":4,"href":"https:\/\/tregorsonore.fr\/index.php\/wp-json\/wp\/v2\/posts\/202\/revisions"}],"predecessor-version":[{"id":240,"href":"https:\/\/tregorsonore.fr\/index.php\/wp-json\/wp\/v2\/posts\/202\/revisions\/240"}],"wp:attachment":[{"href":"https:\/\/tregorsonore.fr\/index.php\/wp-json\/wp\/v2\/media?parent=202"}],"wp:term":[{"taxonomy":"category","embeddable":true,"href":"https:\/\/tregorsonore.fr\/index.php\/wp-json\/wp\/v2\/categories?post=202"},{"taxonomy":"post_tag","embeddable":true,"href":"https:\/\/tregorsonore.fr\/index.php\/wp-json\/wp\/v2\/tags?post=202"}],"curies":[{"name":"wp","href":"https:\/\/api.w.org\/{rel}","templated":true}]}}