{"id":275,"date":"2022-03-18T20:02:24","date_gmt":"2022-03-18T19:02:24","guid":{"rendered":"https:\/\/tregorsonore.fr\/?p=275"},"modified":"2022-06-21T09:34:48","modified_gmt":"2022-06-21T07:34:48","slug":"sonference-hors-serie-n1","status":"publish","type":"post","link":"https:\/\/tregorsonore.fr\/index.php\/2022\/03\/18\/sonference-hors-serie-n1\/","title":{"rendered":"Sonf\u00e9rence Hors S\u00e9rie n\u00b01 :"},"content":{"rendered":"\n<p>Tr\u00e9gor Sonore consacre une&nbsp;<em>sonf\u00e9rence<\/em>&nbsp;aux questions qui se posent avec l&#8217;actualit\u00e9 du moment avec sa sonf\u00e9rence : <\/p>\n\n\n\n<h2 class=\"wp-block-heading\">Le nucl\u00e9aire est-il compatible avec la guerre ?<\/h2>\n\n\n\n<div class=\"wp-block-media-text alignwide is-stacked-on-mobile\"><figure class=\"wp-block-media-text__media\"><img loading=\"lazy\" decoding=\"async\" width=\"1014\" height=\"1014\" src=\"http:\/\/tregorsonore.fr\/wp-content\/uploads\/2022\/03\/Nuc.png\" alt=\"\" class=\"wp-image-257 size-full\" srcset=\"https:\/\/tregorsonore.fr\/wp-content\/uploads\/2022\/03\/Nuc.png 1014w, https:\/\/tregorsonore.fr\/wp-content\/uploads\/2022\/03\/Nuc-300x300.png 300w, https:\/\/tregorsonore.fr\/wp-content\/uploads\/2022\/03\/Nuc-150x150.png 150w, https:\/\/tregorsonore.fr\/wp-content\/uploads\/2022\/03\/Nuc-768x768.png 768w, https:\/\/tregorsonore.fr\/wp-content\/uploads\/2022\/03\/Nuc-100x100.png 100w\" sizes=\"auto, (max-width: 767px) 89vw, (max-width: 1000px) 54vw, (max-width: 1071px) 543px, 580px\" \/><\/figure><div class=\"wp-block-media-text__content\">\n<h2 class=\"wp-block-heading\">Mercredi 30 mars 18h30<\/h2>\n\n\n\n<h3 class=\"wp-block-heading\">Le Flambard -Lannion<\/h3>\n\n\n\n<ul class=\"wp-block-list\"><li><strong>Pascal Rueff<\/strong>, r\u00e9alisateur ind\u00e9pendant<\/li><li><strong>Val\u00e9rie Arnhold<\/strong>, enseignant-chercheure en sociologie<\/li><\/ul>\n<\/div><\/div>\n\n\n\n<div class=\"wp-block-buttons is-layout-flex wp-block-buttons-is-layout-flex\">\n<div class=\"wp-block-button\"><a class=\"wp-block-button__link\" href=\"https:\/\/tregorsonore.fr\/index.php\/sonferences-du-tregor\/hors-serie-nuc\/\">Plus d&#8217;informations &#8230;<\/a><\/div>\n<\/div>\n\n\n\n<figure class=\"wp-block-image size-full\"><img loading=\"lazy\" decoding=\"async\" width=\"1024\" height=\"55\" src=\"http:\/\/tregorsonore.fr\/wp-content\/uploads\/2021\/12\/onde-copie-1024x55-1.png\" alt=\"\" class=\"wp-image-174\" srcset=\"https:\/\/tregorsonore.fr\/wp-content\/uploads\/2021\/12\/onde-copie-1024x55-1.png 1024w, https:\/\/tregorsonore.fr\/wp-content\/uploads\/2021\/12\/onde-copie-1024x55-1-300x16.png 300w, https:\/\/tregorsonore.fr\/wp-content\/uploads\/2021\/12\/onde-copie-1024x55-1-768x41.png 768w\" sizes=\"auto, (max-width: 767px) 89vw, (max-width: 1000px) 54vw, (max-width: 1071px) 543px, 580px\" \/><\/figure>\n\n\n\n<h2 class=\"wp-block-heading\">Nos amis vous invitent \u2026<\/h2>\n\n\n\n<div class=\"wp-block-media-text alignwide is-stacked-on-mobile\"><figure class=\"wp-block-media-text__media\"><img loading=\"lazy\" decoding=\"async\" width=\"600\" height=\"400\" src=\"https:\/\/tregorsonore.fr\/wp-content\/uploads\/2022\/03\/DSC_1601\u00a9Philippe-Ollivier-600x400-1.jpg\" alt=\"\" class=\"wp-image-276 size-full\" srcset=\"https:\/\/tregorsonore.fr\/wp-content\/uploads\/2022\/03\/DSC_1601\u00a9Philippe-Ollivier-600x400-1.jpg 600w, https:\/\/tregorsonore.fr\/wp-content\/uploads\/2022\/03\/DSC_1601\u00a9Philippe-Ollivier-600x400-1-300x200.jpg 300w\" sizes=\"auto, (max-width: 600px) 100vw, 600px\" \/><\/figure><div class=\"wp-block-media-text__content\">\n<h2 class=\"wp-block-heading\">Performance de Christine Groult et Marc Namblard<\/h2>\n\n\n\n<h3 class=\"wp-block-heading\">samedi 19 mars 2022<\/h3>\n\n\n\n<h3 class=\"wp-block-heading\">20h au Logello\u00f9 &#8211; Penvenan<\/h3>\n\n\n\n<p>Le concert sera suivi d\u2019une rencontre, pour ceux qui le souhaitent, aux confins du son, de la musique et de la nature.<\/p>\n\n\n\n<p>Organise : le Logellou<\/p>\n\n\n\n<p class=\"has-small-font-size\">Photo : Le Logellou<\/p>\n<\/div><\/div>\n\n\n\n<figure class=\"wp-block-image size-full is-resized\"><img loading=\"lazy\" decoding=\"async\" src=\"http:\/\/tregorsonore.fr\/wp-content\/uploads\/2022\/03\/cropped-Unknown.png\" alt=\"\" class=\"wp-image-277\" width=\"184\" height=\"52\" srcset=\"https:\/\/tregorsonore.fr\/wp-content\/uploads\/2022\/03\/cropped-Unknown.png 640w, https:\/\/tregorsonore.fr\/wp-content\/uploads\/2022\/03\/cropped-Unknown-300x84.png 300w\" sizes=\"auto, (max-width: 184px) 100vw, 184px\" \/><\/figure>\n\n\n\n<figure class=\"wp-block-image size-full\"><img loading=\"lazy\" decoding=\"async\" width=\"1024\" height=\"55\" src=\"http:\/\/tregorsonore.fr\/wp-content\/uploads\/2021\/12\/onde-copie-1024x55-1.png\" alt=\"\" class=\"wp-image-174\" srcset=\"https:\/\/tregorsonore.fr\/wp-content\/uploads\/2021\/12\/onde-copie-1024x55-1.png 1024w, https:\/\/tregorsonore.fr\/wp-content\/uploads\/2021\/12\/onde-copie-1024x55-1-300x16.png 300w, https:\/\/tregorsonore.fr\/wp-content\/uploads\/2021\/12\/onde-copie-1024x55-1-768x41.png 768w\" sizes=\"auto, (max-width: 767px) 89vw, (max-width: 1000px) 54vw, (max-width: 1071px) 543px, 580px\" \/><\/figure>\n\n\n\n<div class=\"wp-block-media-text alignwide is-stacked-on-mobile\"><figure class=\"wp-block-media-text__media\"><img decoding=\"async\" src=\"https:\/\/dim.mcusercontent.com\/cs\/23cbde585876acf0243cedf10\/images\/51b746ff-5505-457c-a55b-573100f6b9b6.jpg?w=270&amp;dpr=2\" alt=\"\"\/><\/figure><div class=\"wp-block-media-text__content\">\n<h2 class=\"wp-block-heading\">So Phare Away<\/h2>\n\n\n\n<h3 class=\"wp-block-heading\">dimanche 27 mars 2022<\/h3>\n\n\n\n<h3 class=\"wp-block-heading\">14h, 15h30 et 17h \u00e0 An Dour Meur &#8211; Plestin les Gr\u00e8ves<\/h3>\n\n\n\n<p>Cr\u00e9ation sonore multiphonique de 1h30 diffus\u00e9e en 7.1<\/p>\n<\/div><\/div>\n\n\n\n<div class=\"wp-block-buttons is-layout-flex wp-block-buttons-is-layout-flex\">\n<div class=\"wp-block-button\"><a class=\"wp-block-button__link\">Plus d&#8217;informations<\/a><\/div>\n<\/div>\n\n\n\n<figure class=\"wp-block-image size-full\"><img loading=\"lazy\" decoding=\"async\" width=\"1024\" height=\"55\" src=\"http:\/\/tregorsonore.fr\/wp-content\/uploads\/2021\/12\/onde-copie-1024x55-1.png\" alt=\"\" class=\"wp-image-174\" srcset=\"https:\/\/tregorsonore.fr\/wp-content\/uploads\/2021\/12\/onde-copie-1024x55-1.png 1024w, https:\/\/tregorsonore.fr\/wp-content\/uploads\/2021\/12\/onde-copie-1024x55-1-300x16.png 300w, https:\/\/tregorsonore.fr\/wp-content\/uploads\/2021\/12\/onde-copie-1024x55-1-768x41.png 768w\" sizes=\"auto, (max-width: 767px) 89vw, (max-width: 1000px) 54vw, (max-width: 1071px) 543px, 580px\" \/><\/figure>\n","protected":false},"excerpt":{"rendered":"<p>Tr\u00e9gor Sonore consacre une&nbsp;sonf\u00e9rence&nbsp;aux questions qui se posent avec l&#8217;actualit\u00e9 du moment avec sa sonf\u00e9rence : Le nucl\u00e9aire est-il compatible avec la guerre ? Mercredi 30 mars 18h30 Le Flambard -Lannion Pascal Rueff, r\u00e9alisateur ind\u00e9pendant Val\u00e9rie Arnhold, enseignant-chercheure en sociologie Nos amis vous invitent \u2026 Performance de Christine Groult et Marc Namblard samedi 19 mars &hellip; <\/p>\n<p class=\"link-more\"><a href=\"https:\/\/tregorsonore.fr\/index.php\/2022\/03\/18\/sonference-hors-serie-n1\/\" class=\"more-link\">Continue reading<span class=\"screen-reader-text\"> &#8220;Sonf\u00e9rence Hors S\u00e9rie n\u00b01 :&#8221;<\/span><\/a><\/p>\n","protected":false},"author":1,"featured_media":0,"comment_status":"open","ping_status":"open","sticky":false,"template":"","format":"standard","meta":{"footnotes":""},"categories":[2],"tags":[5,13,9,6,10,7],"class_list":["post-275","post","type-post","status-publish","format-standard","hentry","category-news","tag-binaural","tag-guerre","tag-nucleaire","tag-sonference","tag-tchernobyl","tag-tregor-sonore"],"_links":{"self":[{"href":"https:\/\/tregorsonore.fr\/index.php\/wp-json\/wp\/v2\/posts\/275","targetHints":{"allow":["GET"]}}],"collection":[{"href":"https:\/\/tregorsonore.fr\/index.php\/wp-json\/wp\/v2\/posts"}],"about":[{"href":"https:\/\/tregorsonore.fr\/index.php\/wp-json\/wp\/v2\/types\/post"}],"author":[{"embeddable":true,"href":"https:\/\/tregorsonore.fr\/index.php\/wp-json\/wp\/v2\/users\/1"}],"replies":[{"embeddable":true,"href":"https:\/\/tregorsonore.fr\/index.php\/wp-json\/wp\/v2\/comments?post=275"}],"version-history":[{"count":2,"href":"https:\/\/tregorsonore.fr\/index.php\/wp-json\/wp\/v2\/posts\/275\/revisions"}],"predecessor-version":[{"id":333,"href":"https:\/\/tregorsonore.fr\/index.php\/wp-json\/wp\/v2\/posts\/275\/revisions\/333"}],"wp:attachment":[{"href":"https:\/\/tregorsonore.fr\/index.php\/wp-json\/wp\/v2\/media?parent=275"}],"wp:term":[{"taxonomy":"category","embeddable":true,"href":"https:\/\/tregorsonore.fr\/index.php\/wp-json\/wp\/v2\/categories?post=275"},{"taxonomy":"post_tag","embeddable":true,"href":"https:\/\/tregorsonore.fr\/index.php\/wp-json\/wp\/v2\/tags?post=275"}],"curies":[{"name":"wp","href":"https:\/\/api.w.org\/{rel}","templated":true}]}}