{"id":534,"date":"2023-09-04T11:03:24","date_gmt":"2023-09-04T09:03:24","guid":{"rendered":"https:\/\/tregorsonore.fr\/?p=534"},"modified":"2023-09-04T14:41:28","modified_gmt":"2023-09-04T12:41:28","slug":"salon-tregor-sonore","status":"publish","type":"post","link":"https:\/\/tregorsonore.fr\/index.php\/2023\/09\/04\/salon-tregor-sonore\/","title":{"rendered":"Salon Tr\u00e9gor Sonore"},"content":{"rendered":"\n<h3 class=\"wp-block-heading\">17 et 18 novembre 2023<\/h3>\n\n\n\n<figure class=\"wp-block-image size-large\"><img loading=\"lazy\" decoding=\"async\" width=\"1024\" height=\"55\" src=\"http:\/\/tregorsonore.fr\/wp-content\/uploads\/2021\/12\/onde-copie-1024x55.png\" alt=\"\" class=\"wp-image-13\" srcset=\"https:\/\/tregorsonore.fr\/wp-content\/uploads\/2021\/12\/onde-copie-1024x55.png 1024w, https:\/\/tregorsonore.fr\/wp-content\/uploads\/2021\/12\/onde-copie-300x16.png 300w, https:\/\/tregorsonore.fr\/wp-content\/uploads\/2021\/12\/onde-copie-768x41.png 768w, https:\/\/tregorsonore.fr\/wp-content\/uploads\/2021\/12\/onde-copie-1200x64.png 1200w, https:\/\/tregorsonore.fr\/wp-content\/uploads\/2021\/12\/onde-copie.png 1479w\" sizes=\"auto, (max-width: 767px) 89vw, (max-width: 1000px) 54vw, (max-width: 1071px) 543px, 580px\" \/><\/figure>\n\n\n\n<h2 class=\"wp-block-heading\">Appel \u00e0 participation<\/h2>\n\n\n\n<div class=\"wp-block-image\"><figure class=\"aligncenter size-full is-resized\"><img loading=\"lazy\" decoding=\"async\" src=\"http:\/\/tregorsonore.fr\/wp-content\/uploads\/2023\/09\/salon.png\" alt=\"\" class=\"wp-image-536\" width=\"426\" height=\"341\" srcset=\"https:\/\/tregorsonore.fr\/wp-content\/uploads\/2023\/09\/salon.png 971w, https:\/\/tregorsonore.fr\/wp-content\/uploads\/2023\/09\/salon-300x240.png 300w, https:\/\/tregorsonore.fr\/wp-content\/uploads\/2023\/09\/salon-768x615.png 768w\" sizes=\"auto, (max-width: 426px) 100vw, 426px\" \/><\/figure><\/div>\n\n\n\n<p>Tr\u00e9gor Sonore et l\u2019ensemble de ses partenaires s\u2019associent pour organiser un salon dont l\u2019objectif est de faire un \u00e9tat des lieux de la recherche scientifique et artistique autour du son en Tr\u00e9gor.<\/p>\n\n\n\n<p>Le Logello\u00f9 \u00e0 Penvenan en tant que coorganisateur accueille cette premi\u00e8re \u00e9dition qui aura lieu les vendredi 17 et samedi 18 novembre prochain.<\/p>\n\n\n\n<p>En votre qualit\u00e9 d\u2019adh\u00e9rent ou de partenaire de Tr\u00e9gor Sonore vous \u00eates invit\u00e9 \u00e0 venir y pr\u00e9senter vos productions, recherches en cours, y faire des pr\u00e9sentations des travaux acad\u00e9miques, scolaires et p\u00e9dagogiques, des r\u00e9alisations, des d\u00e9mos, etc. Lors de ce rendez-vous vous aurez l&#8217;occasion d\u2019\u00e9changer avec les professionnels du domaine pr\u00e9sents dans le territoire afin de cr\u00e9er des nouvelles collaborations et partenariats et de montrer vos travaux au grand public curieux d\u2019innovation.&nbsp;<\/p>\n\n\n\n<p>Pour y participer, une adh\u00e9sion \u00e0 Tr\u00e9gor Sonore est n\u00e9cessaire et \u00eatre disponible durant les deux journ\u00e9es.<\/p>\n\n\n\n<p>Vous pourrez alors disposer d\u2019une table ou d\u2019un panneau d\u2019affichage. Vous pourrez \u00e9galement y pr\u00e9senter des conf\u00e9rences, d\u00e9monstrations ou concerts faisant une pr\u00e9sentation de l\u2019\u00e9tat de vos recherches.<\/p>\n\n\n\n<p>Afin de nous aider dans l\u2019organisation de cet \u00e9v\u00e9nement et de nous permettre de commencer rapidement \u00e0 communiquer, nous vous remercions de nous dire avant le mardi 12 septembre 2023 si vous souhaitez \u00eatre pr\u00e9sents et quel type de pr\u00e9sentation vous souhaitez faire (stand, affiche, pr\u00e9sentation orale).<\/p>\n\n\n\n<p>Par avance, nous vous remercions et vous souhaitons une belle rentr\u00e9e.<\/p>\n\n\n\n<p>Pour l\u2019\u00e9quipe de Tr\u00e9gor Sonore et du Logello\u00f9,<\/p>\n\n\n\n<p>Julian Palacino et Philippe Ollivier<\/p>\n\n\n\n<figure class=\"wp-block-image size-large\"><img loading=\"lazy\" decoding=\"async\" width=\"1024\" height=\"55\" src=\"http:\/\/tregorsonore.fr\/wp-content\/uploads\/2021\/12\/onde-copie-1024x55.png\" alt=\"\" class=\"wp-image-13\" srcset=\"https:\/\/tregorsonore.fr\/wp-content\/uploads\/2021\/12\/onde-copie-1024x55.png 1024w, https:\/\/tregorsonore.fr\/wp-content\/uploads\/2021\/12\/onde-copie-300x16.png 300w, https:\/\/tregorsonore.fr\/wp-content\/uploads\/2021\/12\/onde-copie-768x41.png 768w, https:\/\/tregorsonore.fr\/wp-content\/uploads\/2021\/12\/onde-copie-1200x64.png 1200w, https:\/\/tregorsonore.fr\/wp-content\/uploads\/2021\/12\/onde-copie.png 1479w\" sizes=\"auto, (max-width: 767px) 89vw, (max-width: 1000px) 54vw, (max-width: 1071px) 543px, 580px\" \/><\/figure>\n","protected":false},"excerpt":{"rendered":"<p>17 et 18 novembre 2023 Appel \u00e0 participation Tr\u00e9gor Sonore et l\u2019ensemble de ses partenaires s\u2019associent pour organiser un salon dont l\u2019objectif est de faire un \u00e9tat des lieux de la recherche scientifique et artistique autour du son en Tr\u00e9gor. Le Logello\u00f9 \u00e0 Penvenan en tant que coorganisateur accueille cette premi\u00e8re \u00e9dition qui aura lieu &hellip; <\/p>\n<p class=\"link-more\"><a href=\"https:\/\/tregorsonore.fr\/index.php\/2023\/09\/04\/salon-tregor-sonore\/\" class=\"more-link\">Continue reading<span class=\"screen-reader-text\"> &#8220;Salon Tr\u00e9gor Sonore&#8221;<\/span><\/a><\/p>\n","protected":false},"author":1,"featured_media":0,"comment_status":"open","ping_status":"open","sticky":false,"template":"","format":"standard","meta":{"footnotes":""},"categories":[1],"tags":[],"class_list":["post-534","post","type-post","status-publish","format-standard","hentry","category-non-classe"],"_links":{"self":[{"href":"https:\/\/tregorsonore.fr\/index.php\/wp-json\/wp\/v2\/posts\/534","targetHints":{"allow":["GET"]}}],"collection":[{"href":"https:\/\/tregorsonore.fr\/index.php\/wp-json\/wp\/v2\/posts"}],"about":[{"href":"https:\/\/tregorsonore.fr\/index.php\/wp-json\/wp\/v2\/types\/post"}],"author":[{"embeddable":true,"href":"https:\/\/tregorsonore.fr\/index.php\/wp-json\/wp\/v2\/users\/1"}],"replies":[{"embeddable":true,"href":"https:\/\/tregorsonore.fr\/index.php\/wp-json\/wp\/v2\/comments?post=534"}],"version-history":[{"count":3,"href":"https:\/\/tregorsonore.fr\/index.php\/wp-json\/wp\/v2\/posts\/534\/revisions"}],"predecessor-version":[{"id":539,"href":"https:\/\/tregorsonore.fr\/index.php\/wp-json\/wp\/v2\/posts\/534\/revisions\/539"}],"wp:attachment":[{"href":"https:\/\/tregorsonore.fr\/index.php\/wp-json\/wp\/v2\/media?parent=534"}],"wp:term":[{"taxonomy":"category","embeddable":true,"href":"https:\/\/tregorsonore.fr\/index.php\/wp-json\/wp\/v2\/categories?post=534"},{"taxonomy":"post_tag","embeddable":true,"href":"https:\/\/tregorsonore.fr\/index.php\/wp-json\/wp\/v2\/tags?post=534"}],"curies":[{"name":"wp","href":"https:\/\/api.w.org\/{rel}","templated":true}]}}