{"id":846,"date":"2024-09-10T16:48:16","date_gmt":"2024-09-10T14:48:16","guid":{"rendered":"https:\/\/tregorsonore.fr\/?p=846"},"modified":"2024-09-10T16:48:16","modified_gmt":"2024-09-10T14:48:16","slug":"marees-max-du-12-au-14-septembre-2024-au-logellou-a-penvenan-22","status":"publish","type":"post","link":"https:\/\/tregorsonore.fr\/index.php\/2024\/09\/10\/marees-max-du-12-au-14-septembre-2024-au-logellou-a-penvenan-22\/","title":{"rendered":"Mar\u00e9es Max \u2013 du 12 au 14 septembre 2024 \u2013 au Logello\u00f9 \u00e0 Penv\u00e9nan (22)"},"content":{"rendered":"\n<div class=\"wp-block-image\"><figure class=\"aligncenter size-full is-resized\"><img loading=\"lazy\" decoding=\"async\" src=\"https:\/\/tregorsonore.fr\/wp-content\/uploads\/2024\/09\/MareesMax2024Logo-800x800-1.jpg\" alt=\"\" class=\"wp-image-847\" width=\"313\" height=\"313\" srcset=\"https:\/\/tregorsonore.fr\/wp-content\/uploads\/2024\/09\/MareesMax2024Logo-800x800-1.jpg 800w, https:\/\/tregorsonore.fr\/wp-content\/uploads\/2024\/09\/MareesMax2024Logo-800x800-1-300x300.jpg 300w, https:\/\/tregorsonore.fr\/wp-content\/uploads\/2024\/09\/MareesMax2024Logo-800x800-1-150x150.jpg 150w, https:\/\/tregorsonore.fr\/wp-content\/uploads\/2024\/09\/MareesMax2024Logo-800x800-1-768x768.jpg 768w, https:\/\/tregorsonore.fr\/wp-content\/uploads\/2024\/09\/MareesMax2024Logo-800x800-1-100x100.jpg 100w\" sizes=\"auto, (max-width: 313px) 100vw, 313px\" \/><\/figure><\/div>\n\n\n\n<p><strong>Mar\u00e9es Max 2024 : Invitation officielle<\/strong><\/p>\n\n\n\n<p>Nous avons le plaisir de vous inviter \u00e0 <strong>Mar\u00e9es Max 2024<\/strong>, un \u00e9v\u00e9nement international autour du logiciel Max, qui se tiendra au <strong>Logello\u00f9<\/strong> \u00e0 Penv\u00e9nan, du <strong>12 au 14 septembre 2024<\/strong>. Au programme : conf\u00e9rences, ateliers et performances artistiques, avec la participation exceptionnelle de <strong>David Zicarelli<\/strong>, fondateur de Cycling&#8217;74.<\/p>\n\n\n\n<p>\ud83d\udcc5 <strong>Dates<\/strong> : 12-14 septembre 2024<br>\ud83d\udccd <strong>Lieu<\/strong> : Le Logello\u00f9, Penv\u00e9nan<\/p>\n\n\n\n<p>\ud83d\udc49 Pour plus d&#8217;informations et inscriptions : <a href=\"https:\/\/www.logellou.com\/mareesmax2024\">Mar\u00e9es Max 2024<\/a><\/p>\n\n\n\n<p>Venez explorer l&#8217;art et la technologie !<\/p>\n\n\n\n<div class=\"wp-block-image\"><figure class=\"aligncenter size-full is-resized\"><a href=\"https:\/\/www.logellou.com\/\"><img loading=\"lazy\" decoding=\"async\" src=\"http:\/\/tregorsonore.fr\/wp-content\/uploads\/2022\/03\/cropped-Unknown.png\" alt=\"\" class=\"wp-image-277\" width=\"238\" height=\"67\" srcset=\"https:\/\/tregorsonore.fr\/wp-content\/uploads\/2022\/03\/cropped-Unknown.png 640w, https:\/\/tregorsonore.fr\/wp-content\/uploads\/2022\/03\/cropped-Unknown-300x84.png 300w\" sizes=\"auto, (max-width: 238px) 100vw, 238px\" \/><\/a><\/figure><\/div>\n\n\n\n<p><\/p>\n","protected":false},"excerpt":{"rendered":"<p>Mar\u00e9es Max 2024 : Invitation officielle Nous avons le plaisir de vous inviter \u00e0 Mar\u00e9es Max 2024, un \u00e9v\u00e9nement international autour du logiciel Max, qui se tiendra au Logello\u00f9 \u00e0 Penv\u00e9nan, du 12 au 14 septembre 2024. Au programme : conf\u00e9rences, ateliers et performances artistiques, avec la participation exceptionnelle de David Zicarelli, fondateur de Cycling&#8217;74. &hellip; <\/p>\n<p class=\"link-more\"><a href=\"https:\/\/tregorsonore.fr\/index.php\/2024\/09\/10\/marees-max-du-12-au-14-septembre-2024-au-logellou-a-penvenan-22\/\" class=\"more-link\">Continue reading<span class=\"screen-reader-text\"> &#8220;Mar\u00e9es Max \u2013 du 12 au 14 septembre 2024 \u2013 au Logello\u00f9 \u00e0 Penv\u00e9nan (22)&#8221;<\/span><\/a><\/p>\n","protected":false},"author":1,"featured_media":0,"comment_status":"open","ping_status":"open","sticky":false,"template":"","format":"standard","meta":{"footnotes":""},"categories":[1],"tags":[],"class_list":["post-846","post","type-post","status-publish","format-standard","hentry","category-non-classe"],"_links":{"self":[{"href":"https:\/\/tregorsonore.fr\/index.php\/wp-json\/wp\/v2\/posts\/846","targetHints":{"allow":["GET"]}}],"collection":[{"href":"https:\/\/tregorsonore.fr\/index.php\/wp-json\/wp\/v2\/posts"}],"about":[{"href":"https:\/\/tregorsonore.fr\/index.php\/wp-json\/wp\/v2\/types\/post"}],"author":[{"embeddable":true,"href":"https:\/\/tregorsonore.fr\/index.php\/wp-json\/wp\/v2\/users\/1"}],"replies":[{"embeddable":true,"href":"https:\/\/tregorsonore.fr\/index.php\/wp-json\/wp\/v2\/comments?post=846"}],"version-history":[{"count":1,"href":"https:\/\/tregorsonore.fr\/index.php\/wp-json\/wp\/v2\/posts\/846\/revisions"}],"predecessor-version":[{"id":848,"href":"https:\/\/tregorsonore.fr\/index.php\/wp-json\/wp\/v2\/posts\/846\/revisions\/848"}],"wp:attachment":[{"href":"https:\/\/tregorsonore.fr\/index.php\/wp-json\/wp\/v2\/media?parent=846"}],"wp:term":[{"taxonomy":"category","embeddable":true,"href":"https:\/\/tregorsonore.fr\/index.php\/wp-json\/wp\/v2\/categories?post=846"},{"taxonomy":"post_tag","embeddable":true,"href":"https:\/\/tregorsonore.fr\/index.php\/wp-json\/wp\/v2\/tags?post=846"}],"curies":[{"name":"wp","href":"https:\/\/api.w.org\/{rel}","templated":true}]}}